{"id":98,"date":"2011-08-22T00:26:00","date_gmt":"2011-08-22T04:26:00","guid":{"rendered":"http:\/\/gobiernoparroquialsancristobal.gob.ec\/azuay\/?p=98"},"modified":"2017-01-31T16:21:23","modified_gmt":"2017-01-31T20:21:23","slug":"datos-generales","status":"publish","type":"post","link":"https:\/\/gobiernoparroquialsancristobal.gob.ec\/azuay\/datos-generales\/","title":{"rendered":"Datos Generales"},"content":{"rendered":"<p style=\"text-align: justify;\">San Crist\u00f3bal est\u00e1 en un punto estrat\u00e9gico\u00a0 para la conectividad inter cantonal\u00a0 y provincial que la da una caracter\u00edstica importante para la regi\u00f3n, ya que cuenta con un patrimonio natural como base para el desarrollo agro productivo posibilitando una incidencia\u00a0 en la generaci\u00f3n de alimentos tanto para la seguridad alimentaria como para\u00a0 el desarrollo de la econom\u00eda, que sumado a las caracter\u00edsticas de potencialidades tur\u00edsticas logra poseer un territorio con recursos\u00a0 importantes para el desarrollo territorial.<\/p>\n<p style=\"text-align: justify;\"><span style=\"color: #ff00ff;\"><strong>L\u00edmites:<\/strong><\/span><\/p>\n<p><strong><em>Norte<\/em><\/strong>: Provincia del Ca\u00f1ar<\/p>\n<p><strong><em>Sur<\/em><\/strong>: Cant\u00f3n Cuenca y Cant\u00f3n Gualaceo<\/p>\n<p><strong><em>Este<\/em><\/strong>: Parroquia El Cabo<\/p>\n<p><em><strong>Oeste<\/strong><\/em>: Provincia Ca\u00f1ar<\/p>\n<p>&nbsp;<\/p>\n<p><strong><span style=\"color: #ff00ff;\"><span style=\"color: #000000;\">Extensi\u00f3n:<\/span>\u00a0\u00a0\u00a0\u00a0\u00a0\u00a0\u00a0\u00a0\u00a0\u00a0\u00a0\u00a0\u00a0\u00a0\u00a0\u00a0\u00a0\u00a0\u00a0\u00a0\u00a0\u00a0\u00a0 <\/span><\/strong>1705.47Ha.<\/p>\n<p>&nbsp;<\/p>\n<p><strong><span style=\"color: #ff00ff;\"><span style=\"color: #000000;\">Localizaci\u00f3n:<\/span>\u00a0 <\/span><\/strong>La parroquia San Crist\u00f3bal\u00a0\u00a0 se encuentra\u00a0 en la parte\u00a0\u00a0 nororiental de la provincia del Azuay, dentro del Cant\u00f3n Paute.<\/p>\n<p><strong>Poblaci\u00f3n al 2010:\u00a0\u00a0\u00a0\u00a0\u00a0\u00a0\u00a0\u00a0 <\/strong>2412habitantes<\/p>\n<p>&nbsp;<\/p>\n<p><strong>Crecimiento intercensal 2001-2010:\u00a0\u00a0\u00a0\u00a0\u00a0\u00a0 <\/strong>1,01%<\/p>\n<p>&nbsp;<\/p>\n<p><strong>Altitud:\u00a0\u00a0\u00a0\u00a0\u00a0 <\/strong>Entre 2000 \u2013 3000 m.s.n.m<\/p>\n<p><strong><a href=\"http:\/\/gobiernoparroquialsancristobal.gob.ec\/azuay\/wp-content\/uploads\/2011\/08\/20150129_082048.jpg\"><img loading=\"lazy\" decoding=\"async\" class=\"aligncenter wp-image-659\" src=\"http:\/\/gobiernoparroquialsancristobal.gob.ec\/azuay\/wp-content\/uploads\/2011\/08\/20150129_082048-300x225.jpg\" alt=\"\" width=\"360\" height=\"270\" data-id=\"659\" srcset=\"https:\/\/gobiernoparroquialsancristobal.gob.ec\/azuay\/wp-content\/uploads\/2011\/08\/20150129_082048-300x225.jpg 300w, https:\/\/gobiernoparroquialsancristobal.gob.ec\/azuay\/wp-content\/uploads\/2011\/08\/20150129_082048.jpg 700w\" sizes=\"auto, (max-width: 360px) 100vw, 360px\" \/><\/a><\/strong><\/p>\n<p><strong>Clima: <\/strong>La parroquia San Crist\u00f3bal, cuenta con un rango de temperatura medias anuales que est\u00e1n entre los 12\u00b0 y 20\u00b0C<\/p>\n<p><span style=\"color: #000000;\"><strong>Comunidades: <\/strong><\/span><\/p>\n<ol>\n<li>El Descanso-La Victoria<\/li>\n<li>Bellavista<\/li>\n<li>La Dolorosa<\/li>\n<li>Pueblo Nuevo<\/li>\n<li>Pampa Negra<\/li>\n<li>\u00a0Guach\u00fan<\/li>\n<li>Pastopamba<\/li>\n<li>La Ramada<\/li>\n<li>Centro parroquial<\/li>\n<li>Cantagallo<\/li>\n<li>Tuzhpo-Sulcay<\/li>\n<\/ol>\n<p>&nbsp;<\/p>\n<p><span style=\"color: #000000;\"><strong style=\"text-align: justify;\">Producci\u00f3n agr\u00edcola<\/strong><\/span><\/p>\n<p style=\"text-align: justify;\">La parroquia tiene una producci\u00f3n en la agricultura solo para autoconsumo, debido a que las propiedades son laderosas, pedregosas y secas, son pocas las cantidades para la venta y los productos que se dan en el sector son ma\u00edz, fr\u00e9jol, habas y arveja.<\/p>\n<p>La mayor\u00eda de la poblaci\u00f3n femenina se dedica a tejer sombreros y otras habilidades en paja toquilla y otras trabajan en la ciudad de Cuenca como empleadas dom\u00e9sticas, en cuanto a la poblaci\u00f3n masculina se dedican a la alba\u00f1iler\u00eda ya sea en los sectores cercanos o en la ciudad.<\/p>\n","protected":false},"excerpt":{"rendered":"<p>San Crist\u00f3bal est\u00e1 en un punto estrat\u00e9gico\u00a0 para la conectividad inter cantonal\u00a0 y provincial que la da una caracter\u00edstica importante para la regi\u00f3n, ya que cuenta con un patrimonio natural como base para el desarrollo agro productivo posibilitando una incidencia\u00a0 en la generaci\u00f3n de alimentos tanto para la seguridad alimentaria como para\u00a0 el desarrollo de [&hellip;]<\/p>\n","protected":false},"author":6,"featured_media":0,"comment_status":"closed","ping_status":"closed","sticky":false,"template":"","format":"standard","meta":{"footnotes":""},"categories":[1],"tags":[],"class_list":["post-98","post","type-post","status-publish","format-standard","hentry","category-sin-categoria"],"yoast_head":"<!-- This site is optimized with the Yoast SEO plugin v24.1 - https:\/\/yoast.com\/wordpress\/plugins\/seo\/ -->\n<title>Datos Generales - GAD Parroquial de San Cristobal<\/title>\n<meta name=\"robots\" content=\"index, follow, max-snippet:-1, max-image-preview:large, max-video-preview:-1\" \/>\n<link rel=\"canonical\" href=\"https:\/\/gobiernoparroquialsancristobal.gob.ec\/azuay\/datos-generales\/\" \/>\n<meta property=\"og:locale\" content=\"es_ES\" \/>\n<meta property=\"og:type\" content=\"article\" \/>\n<meta property=\"og:title\" content=\"Datos Generales - GAD Parroquial de San Cristobal\" \/>\n<meta property=\"og:description\" content=\"San Crist\u00f3bal est\u00e1 en un punto estrat\u00e9gico\u00a0 para la conectividad inter cantonal\u00a0 y provincial que la da una caracter\u00edstica importante para la regi\u00f3n, ya que cuenta con un patrimonio natural como base para el desarrollo agro productivo posibilitando una incidencia\u00a0 en la generaci\u00f3n de alimentos tanto para la seguridad alimentaria como para\u00a0 el desarrollo de [&hellip;]\" \/>\n<meta property=\"og:url\" content=\"https:\/\/gobiernoparroquialsancristobal.gob.ec\/azuay\/datos-generales\/\" \/>\n<meta property=\"og:site_name\" content=\"GAD Parroquial de San Cristobal\" \/>\n<meta property=\"article:published_time\" content=\"2011-08-22T04:26:00+00:00\" \/>\n<meta property=\"article:modified_time\" content=\"2017-01-31T20:21:23+00:00\" \/>\n<meta property=\"og:image\" content=\"https:\/\/gobiernoparroquialsancristobal.gob.ec\/azuay\/wp-content\/uploads\/2011\/08\/20150129_082048.jpg\" \/>\n\t<meta property=\"og:image:width\" content=\"700\" \/>\n\t<meta property=\"og:image:height\" content=\"525\" \/>\n\t<meta property=\"og:image:type\" content=\"image\/jpeg\" \/>\n<meta name=\"author\" content=\"agobiernoparroquialsancristobal\" \/>\n<meta name=\"twitter:card\" content=\"summary_large_image\" \/>\n<meta name=\"twitter:label1\" content=\"Escrito por\" \/>\n\t<meta name=\"twitter:data1\" content=\"agobiernoparroquialsancristobal\" \/>\n\t<meta name=\"twitter:label2\" content=\"Tiempo de lectura\" \/>\n\t<meta name=\"twitter:data2\" content=\"1 minuto\" \/>\n<script type=\"application\/ld+json\" class=\"yoast-schema-graph\">{\"@context\":\"https:\/\/schema.org\",\"@graph\":[{\"@type\":\"Article\",\"@id\":\"https:\/\/gobiernoparroquialsancristobal.gob.ec\/azuay\/datos-generales\/#article\",\"isPartOf\":{\"@id\":\"https:\/\/gobiernoparroquialsancristobal.gob.ec\/azuay\/datos-generales\/\"},\"author\":{\"name\":\"agobiernoparroquialsancristobal\",\"@id\":\"https:\/\/gobiernoparroquialsancristobal.gob.ec\/azuay\/#\/schema\/person\/08f83b491dd294ce5d97d5ce950a74fb\"},\"headline\":\"Datos Generales\",\"datePublished\":\"2011-08-22T04:26:00+00:00\",\"dateModified\":\"2017-01-31T20:21:23+00:00\",\"mainEntityOfPage\":{\"@id\":\"https:\/\/gobiernoparroquialsancristobal.gob.ec\/azuay\/datos-generales\/\"},\"wordCount\":299,\"publisher\":{\"@id\":\"https:\/\/gobiernoparroquialsancristobal.gob.ec\/azuay\/#organization\"},\"image\":{\"@id\":\"https:\/\/gobiernoparroquialsancristobal.gob.ec\/azuay\/datos-generales\/#primaryimage\"},\"thumbnailUrl\":\"http:\/\/gobiernoparroquialsancristobal.gob.ec\/azuay\/wp-content\/uploads\/2011\/08\/20150129_082048-300x225.jpg\",\"inLanguage\":\"es\"},{\"@type\":\"WebPage\",\"@id\":\"https:\/\/gobiernoparroquialsancristobal.gob.ec\/azuay\/datos-generales\/\",\"url\":\"https:\/\/gobiernoparroquialsancristobal.gob.ec\/azuay\/datos-generales\/\",\"name\":\"Datos Generales - GAD Parroquial de San Cristobal\",\"isPartOf\":{\"@id\":\"https:\/\/gobiernoparroquialsancristobal.gob.ec\/azuay\/#website\"},\"primaryImageOfPage\":{\"@id\":\"https:\/\/gobiernoparroquialsancristobal.gob.ec\/azuay\/datos-generales\/#primaryimage\"},\"image\":{\"@id\":\"https:\/\/gobiernoparroquialsancristobal.gob.ec\/azuay\/datos-generales\/#primaryimage\"},\"thumbnailUrl\":\"http:\/\/gobiernoparroquialsancristobal.gob.ec\/azuay\/wp-content\/uploads\/2011\/08\/20150129_082048-300x225.jpg\",\"datePublished\":\"2011-08-22T04:26:00+00:00\",\"dateModified\":\"2017-01-31T20:21:23+00:00\",\"breadcrumb\":{\"@id\":\"https:\/\/gobiernoparroquialsancristobal.gob.ec\/azuay\/datos-generales\/#breadcrumb\"},\"inLanguage\":\"es\",\"potentialAction\":[{\"@type\":\"ReadAction\",\"target\":[\"https:\/\/gobiernoparroquialsancristobal.gob.ec\/azuay\/datos-generales\/\"]}]},{\"@type\":\"ImageObject\",\"inLanguage\":\"es\",\"@id\":\"https:\/\/gobiernoparroquialsancristobal.gob.ec\/azuay\/datos-generales\/#primaryimage\",\"url\":\"https:\/\/gobiernoparroquialsancristobal.gob.ec\/azuay\/wp-content\/uploads\/2011\/08\/20150129_082048.jpg\",\"contentUrl\":\"https:\/\/gobiernoparroquialsancristobal.gob.ec\/azuay\/wp-content\/uploads\/2011\/08\/20150129_082048.jpg\",\"width\":700,\"height\":525},{\"@type\":\"BreadcrumbList\",\"@id\":\"https:\/\/gobiernoparroquialsancristobal.gob.ec\/azuay\/datos-generales\/#breadcrumb\",\"itemListElement\":[{\"@type\":\"ListItem\",\"position\":1,\"name\":\"Home\",\"item\":\"https:\/\/gobiernoparroquialsancristobal.gob.ec\/azuay\/\"},{\"@type\":\"ListItem\",\"position\":2,\"name\":\"Datos Generales\"}]},{\"@type\":\"WebSite\",\"@id\":\"https:\/\/gobiernoparroquialsancristobal.gob.ec\/azuay\/#website\",\"url\":\"https:\/\/gobiernoparroquialsancristobal.gob.ec\/azuay\/\",\"name\":\"GAD Parroquial de San Cristobal Azuay\",\"description\":\"Sitio Oficial del GAD Parroquial San Cristobal Azuay\",\"publisher\":{\"@id\":\"https:\/\/gobiernoparroquialsancristobal.gob.ec\/azuay\/#organization\"},\"potentialAction\":[{\"@type\":\"SearchAction\",\"target\":{\"@type\":\"EntryPoint\",\"urlTemplate\":\"https:\/\/gobiernoparroquialsancristobal.gob.ec\/azuay\/?s={search_term_string}\"},\"query-input\":{\"@type\":\"PropertyValueSpecification\",\"valueRequired\":true,\"valueName\":\"search_term_string\"}}],\"inLanguage\":\"es\"},{\"@type\":\"Organization\",\"@id\":\"https:\/\/gobiernoparroquialsancristobal.gob.ec\/azuay\/#organization\",\"name\":\"GAD Parroquial de San Cristobal Azuay\",\"url\":\"https:\/\/gobiernoparroquialsancristobal.gob.ec\/azuay\/\",\"logo\":{\"@type\":\"ImageObject\",\"inLanguage\":\"es\",\"@id\":\"https:\/\/gobiernoparroquialsancristobal.gob.ec\/azuay\/#\/schema\/logo\/image\/\",\"url\":\"https:\/\/gobiernoparroquialsancristobal.gob.ec\/azuay\/wp-content\/uploads\/2020\/06\/logoFooter.png\",\"contentUrl\":\"https:\/\/gobiernoparroquialsancristobal.gob.ec\/azuay\/wp-content\/uploads\/2020\/06\/logoFooter.png\",\"width\":200,\"height\":150,\"caption\":\"GAD Parroquial de San Cristobal Azuay\"},\"image\":{\"@id\":\"https:\/\/gobiernoparroquialsancristobal.gob.ec\/azuay\/#\/schema\/logo\/image\/\"}},{\"@type\":\"Person\",\"@id\":\"https:\/\/gobiernoparroquialsancristobal.gob.ec\/azuay\/#\/schema\/person\/08f83b491dd294ce5d97d5ce950a74fb\",\"name\":\"agobiernoparroquialsancristobal\",\"image\":{\"@type\":\"ImageObject\",\"inLanguage\":\"es\",\"@id\":\"https:\/\/gobiernoparroquialsancristobal.gob.ec\/azuay\/#\/schema\/person\/image\/\",\"url\":\"https:\/\/secure.gravatar.com\/avatar\/b7ceb8d4252728c0b1d1cd3b9cad0763b9c634e606648daa884e5ee6d60d6ebc?s=96&d=mm&r=g\",\"contentUrl\":\"https:\/\/secure.gravatar.com\/avatar\/b7ceb8d4252728c0b1d1cd3b9cad0763b9c634e606648daa884e5ee6d60d6ebc?s=96&d=mm&r=g\",\"caption\":\"agobiernoparroquialsancristobal\"},\"url\":\"https:\/\/gobiernoparroquialsancristobal.gob.ec\/azuay\/author\/agobiernoparroquialsancristobal\/\"}]}<\/script>\n<!-- \/ Yoast SEO plugin. -->","yoast_head_json":{"title":"Datos Generales - GAD Parroquial de San Cristobal","robots":{"index":"index","follow":"follow","max-snippet":"max-snippet:-1","max-image-preview":"max-image-preview:large","max-video-preview":"max-video-preview:-1"},"canonical":"https:\/\/gobiernoparroquialsancristobal.gob.ec\/azuay\/datos-generales\/","og_locale":"es_ES","og_type":"article","og_title":"Datos Generales - GAD Parroquial de San Cristobal","og_description":"San Crist\u00f3bal est\u00e1 en un punto estrat\u00e9gico\u00a0 para la conectividad inter cantonal\u00a0 y provincial que la da una caracter\u00edstica importante para la regi\u00f3n, ya que cuenta con un patrimonio natural como base para el desarrollo agro productivo posibilitando una incidencia\u00a0 en la generaci\u00f3n de alimentos tanto para la seguridad alimentaria como para\u00a0 el desarrollo de [&hellip;]","og_url":"https:\/\/gobiernoparroquialsancristobal.gob.ec\/azuay\/datos-generales\/","og_site_name":"GAD Parroquial de San Cristobal","article_published_time":"2011-08-22T04:26:00+00:00","article_modified_time":"2017-01-31T20:21:23+00:00","og_image":[{"width":700,"height":525,"url":"https:\/\/gobiernoparroquialsancristobal.gob.ec\/azuay\/wp-content\/uploads\/2011\/08\/20150129_082048.jpg","type":"image\/jpeg"}],"author":"agobiernoparroquialsancristobal","twitter_card":"summary_large_image","twitter_misc":{"Escrito por":"agobiernoparroquialsancristobal","Tiempo de lectura":"1 minuto"},"schema":{"@context":"https:\/\/schema.org","@graph":[{"@type":"Article","@id":"https:\/\/gobiernoparroquialsancristobal.gob.ec\/azuay\/datos-generales\/#article","isPartOf":{"@id":"https:\/\/gobiernoparroquialsancristobal.gob.ec\/azuay\/datos-generales\/"},"author":{"name":"agobiernoparroquialsancristobal","@id":"https:\/\/gobiernoparroquialsancristobal.gob.ec\/azuay\/#\/schema\/person\/08f83b491dd294ce5d97d5ce950a74fb"},"headline":"Datos Generales","datePublished":"2011-08-22T04:26:00+00:00","dateModified":"2017-01-31T20:21:23+00:00","mainEntityOfPage":{"@id":"https:\/\/gobiernoparroquialsancristobal.gob.ec\/azuay\/datos-generales\/"},"wordCount":299,"publisher":{"@id":"https:\/\/gobiernoparroquialsancristobal.gob.ec\/azuay\/#organization"},"image":{"@id":"https:\/\/gobiernoparroquialsancristobal.gob.ec\/azuay\/datos-generales\/#primaryimage"},"thumbnailUrl":"http:\/\/gobiernoparroquialsancristobal.gob.ec\/azuay\/wp-content\/uploads\/2011\/08\/20150129_082048-300x225.jpg","inLanguage":"es"},{"@type":"WebPage","@id":"https:\/\/gobiernoparroquialsancristobal.gob.ec\/azuay\/datos-generales\/","url":"https:\/\/gobiernoparroquialsancristobal.gob.ec\/azuay\/datos-generales\/","name":"Datos Generales - GAD Parroquial de San Cristobal","isPartOf":{"@id":"https:\/\/gobiernoparroquialsancristobal.gob.ec\/azuay\/#website"},"primaryImageOfPage":{"@id":"https:\/\/gobiernoparroquialsancristobal.gob.ec\/azuay\/datos-generales\/#primaryimage"},"image":{"@id":"https:\/\/gobiernoparroquialsancristobal.gob.ec\/azuay\/datos-generales\/#primaryimage"},"thumbnailUrl":"http:\/\/gobiernoparroquialsancristobal.gob.ec\/azuay\/wp-content\/uploads\/2011\/08\/20150129_082048-300x225.jpg","datePublished":"2011-08-22T04:26:00+00:00","dateModified":"2017-01-31T20:21:23+00:00","breadcrumb":{"@id":"https:\/\/gobiernoparroquialsancristobal.gob.ec\/azuay\/datos-generales\/#breadcrumb"},"inLanguage":"es","potentialAction":[{"@type":"ReadAction","target":["https:\/\/gobiernoparroquialsancristobal.gob.ec\/azuay\/datos-generales\/"]}]},{"@type":"ImageObject","inLanguage":"es","@id":"https:\/\/gobiernoparroquialsancristobal.gob.ec\/azuay\/datos-generales\/#primaryimage","url":"https:\/\/gobiernoparroquialsancristobal.gob.ec\/azuay\/wp-content\/uploads\/2011\/08\/20150129_082048.jpg","contentUrl":"https:\/\/gobiernoparroquialsancristobal.gob.ec\/azuay\/wp-content\/uploads\/2011\/08\/20150129_082048.jpg","width":700,"height":525},{"@type":"BreadcrumbList","@id":"https:\/\/gobiernoparroquialsancristobal.gob.ec\/azuay\/datos-generales\/#breadcrumb","itemListElement":[{"@type":"ListItem","position":1,"name":"Home","item":"https:\/\/gobiernoparroquialsancristobal.gob.ec\/azuay\/"},{"@type":"ListItem","position":2,"name":"Datos Generales"}]},{"@type":"WebSite","@id":"https:\/\/gobiernoparroquialsancristobal.gob.ec\/azuay\/#website","url":"https:\/\/gobiernoparroquialsancristobal.gob.ec\/azuay\/","name":"GAD Parroquial de San Cristobal Azuay","description":"Sitio Oficial del GAD Parroquial San Cristobal Azuay","publisher":{"@id":"https:\/\/gobiernoparroquialsancristobal.gob.ec\/azuay\/#organization"},"potentialAction":[{"@type":"SearchAction","target":{"@type":"EntryPoint","urlTemplate":"https:\/\/gobiernoparroquialsancristobal.gob.ec\/azuay\/?s={search_term_string}"},"query-input":{"@type":"PropertyValueSpecification","valueRequired":true,"valueName":"search_term_string"}}],"inLanguage":"es"},{"@type":"Organization","@id":"https:\/\/gobiernoparroquialsancristobal.gob.ec\/azuay\/#organization","name":"GAD Parroquial de San Cristobal Azuay","url":"https:\/\/gobiernoparroquialsancristobal.gob.ec\/azuay\/","logo":{"@type":"ImageObject","inLanguage":"es","@id":"https:\/\/gobiernoparroquialsancristobal.gob.ec\/azuay\/#\/schema\/logo\/image\/","url":"https:\/\/gobiernoparroquialsancristobal.gob.ec\/azuay\/wp-content\/uploads\/2020\/06\/logoFooter.png","contentUrl":"https:\/\/gobiernoparroquialsancristobal.gob.ec\/azuay\/wp-content\/uploads\/2020\/06\/logoFooter.png","width":200,"height":150,"caption":"GAD Parroquial de San Cristobal Azuay"},"image":{"@id":"https:\/\/gobiernoparroquialsancristobal.gob.ec\/azuay\/#\/schema\/logo\/image\/"}},{"@type":"Person","@id":"https:\/\/gobiernoparroquialsancristobal.gob.ec\/azuay\/#\/schema\/person\/08f83b491dd294ce5d97d5ce950a74fb","name":"agobiernoparroquialsancristobal","image":{"@type":"ImageObject","inLanguage":"es","@id":"https:\/\/gobiernoparroquialsancristobal.gob.ec\/azuay\/#\/schema\/person\/image\/","url":"https:\/\/secure.gravatar.com\/avatar\/b7ceb8d4252728c0b1d1cd3b9cad0763b9c634e606648daa884e5ee6d60d6ebc?s=96&d=mm&r=g","contentUrl":"https:\/\/secure.gravatar.com\/avatar\/b7ceb8d4252728c0b1d1cd3b9cad0763b9c634e606648daa884e5ee6d60d6ebc?s=96&d=mm&r=g","caption":"agobiernoparroquialsancristobal"},"url":"https:\/\/gobiernoparroquialsancristobal.gob.ec\/azuay\/author\/agobiernoparroquialsancristobal\/"}]}},"_links":{"self":[{"href":"https:\/\/gobiernoparroquialsancristobal.gob.ec\/azuay\/wp-json\/wp\/v2\/posts\/98","targetHints":{"allow":["GET"]}}],"collection":[{"href":"https:\/\/gobiernoparroquialsancristobal.gob.ec\/azuay\/wp-json\/wp\/v2\/posts"}],"about":[{"href":"https:\/\/gobiernoparroquialsancristobal.gob.ec\/azuay\/wp-json\/wp\/v2\/types\/post"}],"author":[{"embeddable":true,"href":"https:\/\/gobiernoparroquialsancristobal.gob.ec\/azuay\/wp-json\/wp\/v2\/users\/6"}],"replies":[{"embeddable":true,"href":"https:\/\/gobiernoparroquialsancristobal.gob.ec\/azuay\/wp-json\/wp\/v2\/comments?post=98"}],"version-history":[{"count":5,"href":"https:\/\/gobiernoparroquialsancristobal.gob.ec\/azuay\/wp-json\/wp\/v2\/posts\/98\/revisions"}],"predecessor-version":[{"id":742,"href":"https:\/\/gobiernoparroquialsancristobal.gob.ec\/azuay\/wp-json\/wp\/v2\/posts\/98\/revisions\/742"}],"wp:attachment":[{"href":"https:\/\/gobiernoparroquialsancristobal.gob.ec\/azuay\/wp-json\/wp\/v2\/media?parent=98"}],"wp:term":[{"taxonomy":"category","embeddable":true,"href":"https:\/\/gobiernoparroquialsancristobal.gob.ec\/azuay\/wp-json\/wp\/v2\/categories?post=98"},{"taxonomy":"post_tag","embeddable":true,"href":"https:\/\/gobiernoparroquialsancristobal.gob.ec\/azuay\/wp-json\/wp\/v2\/tags?post=98"}],"curies":[{"name":"wp","href":"https:\/\/api.w.org\/{rel}","templated":true}]}}